{"id":3687,"date":"2026-02-16T15:58:05","date_gmt":"2026-02-16T15:58:05","guid":{"rendered":"https:\/\/warehouse9.dk\/?p=3687"},"modified":"2026-02-16T16:04:07","modified_gmt":"2026-02-16T16:04:07","slug":"announcement-organisational-update","status":"publish","type":"post","link":"https:\/\/warehouse9.dk\/da\/announcement-organisational-update\/","title":{"rendered":"Organisational Update"},"content":{"rendered":"<p><em>scroll down for Danish version<br \/>\n<\/em><b><\/b><\/p>\n<h3><b><br \/>\nEmma Castro M\u00f8ller Steps Down as Co-Director of Warehouse9<\/b><\/h3>\n<p><span style=\"font-weight: 400;\">After thirteen years of organisational development and curatorial leadership, Emma Castro M\u00f8ller will be stepping down from her role as Co-Director of Warehouse9, effective 1 April 2026.<\/span><\/p>\n<p><span style=\"font-weight: 400;\">Emma joined Warehouse9 in 2013 on a project basis during a period when the organisation operated without regular funding. Working alongside long-term collaborator J\u00f8rgen Callesen, she has been a central driving force in building the organisation\u2019s current foundation. Together, they have navigated the organisation through both local and global challenges and successfully stabilised operations. This has resulted in Warehouse9 now receiving operational support from both the City of Copenhagen and the Danish Arts Foundation\u2014a historic milestone for a queer performing arts organisation.<\/span><\/p>\n<p><span style=\"font-weight: 400;\">A core element of Emma\u2019s work has been the establishment of strong national and international partnerships, artistic development initiatives, and the curatorial evolution of the IPAF festival. She has been instrumental in bridging local and global networks, securing a prominent international voice for the advocacy of queer dance and performance\u2014most recently through representation in global forums such as ISPA (International Society for the Performing Arts) in New York, as well as international exchange programmes like CopenhAustin and the upcoming IPAF festival in collaboration with Dansehallerne.<\/span><\/p>\n<p><span style=\"font-weight: 400;\">Throughout her tenure, Emma has been a champion for a more inclusive performing arts industry, working purposefully for better working conditions and increased accessibility within the industry. Furthermore, she played a central role in leading the organisation&#8217;s relocation in 2021, when Warehouse9 moved from its iconic home in the Meatpacking District (K\u00f8dbyen) to its new centre of gravity in Vanl\u00f8se.<\/span><\/p>\n<p><b>Emma Castro M\u00f8ller says:<\/b><em><span style=\"font-weight: 400;\"> \u201cWhat an incredible ride! It has been a significant journey to help grow Warehouse9 from its early project-based roots to the solid foundation it has today. For me, deep professional relationships\u2014and friendships\u2014have been the most important compass in navigating this landscape. After securing our move to Vanl\u00f8se and with three years of operational support confirmed, it feels like the right time to start a new chapter. That next chapter hasn&#8217;t been written, but I look forward to exploring new opportunities and bringing my experience in organisational development, national and international collaborations, and curating into play in new contexts. I am incredibly proud of what we have achieved together, and I leave with a bag full of the most surreal and brilliant moments that could only have happened at Warehouse9.\u201d<\/span><\/em><\/p>\n<p><span style=\"font-weight: 400;\">Emma\u2019s departure is planned in alignment with the organisation\u2019s multi-year operational grant, ensuring full continuity for all ongoing projects and partnerships. J\u00f8rgen Callesen will continue as Director of Warehouse9 in close collaboration with the Board of Trustees.<\/span><\/p>\n<p><span style=\"font-weight: 400;\">Warehouse9 thanks Emma for her dedicated efforts and immense commitment to nurturing queer performance within the performing arts industry over the past 13 years. We look forward to delivering the upcoming IPAF festival together as a strong conclusion and celebration of this chapter.<\/span><\/p>\n<p>&nbsp;<\/p>\n<p>&nbsp;<\/p>\n<hr \/>\n<h3><b><br \/>\nLedelsesskifte hos Warehouse9<\/b><\/h3>\n<p><span style=\"font-weight: 400;\">Efter 13 \u00e5r med fokus p\u00e5 organisationsudvikling og kuratorisk ledelse har Emma Castro M\u00f8ller valgt at tr\u00e6de tilbage fra sin stilling som Co-Director for Warehouse9 pr. 1. april 2026.<\/span><\/p>\n<p><span style=\"font-weight: 400;\">Emma blev en del af Warehouse9 i 2013 p\u00e5 projektbasis i en tid, hvor organisationen opererede uden driftsst\u00f8tte. I t\u00e6t samarbejde med J\u00f8rgen Callesen har hun v\u00e6ret en central drivkraft i opbygningen af det fundament, Warehouse9 st\u00e5r p\u00e5 i dag. Sammen har de navigeret organisationen gennem b\u00e5de lokale og globale udfordringer og form\u00e5et at stabilisere driften, s\u00e5 Warehouse9 i dag modtager driftsst\u00f8tte fra b\u00e5de K\u00f8benhavns Kommune og Statens Kunstfond \u2013 en historisk milep\u00e6l for en queer scenekunstorganisation.<\/span><\/p>\n<p><span style=\"font-weight: 400;\">En kerne i Emmas virke har v\u00e6ret etableringen af st\u00e6rke nationale og internationale partnerskaber samt den kuratoriske udvikling af IPAF-festivalen. Hun har spillet en afg\u00f8rende rolle i at bygge bro mellem lokale og globale netv\u00e6rk og har sikret Warehouse9 en markant international stemme \u2013 senest gennem repr\u00e6sentation i globale fora som ISPA (International Society for the Performing Arts) i New York samt internationale udvekslingsinitiativer som CopenhAustin og den kommende IPAF-festival i samarbejde med Dansehallerne.<\/span><\/p>\n<p><span style=\"font-weight: 400;\">Gennem hele sit arbejde har Emma v\u00e6ret en fork\u00e6mper for en mere inkluderende scenekunstbranche, hvor hun blandt andet har arbejdet m\u00e5lrettet for bedre arbejdsvilk\u00e5r og \u00f8get tilg\u00e6ngelighed. Hun spillede desuden en central rolle i ledelsen af organisationens transformation i 2021, hvor Warehouse9 tog afsked med K\u00f8dbyen og succesfuldt genstartede i nye rammer i Vanl\u00f8se.<\/span><\/p>\n<p><strong>Emma Castro M\u00f8ller udtaler:<\/strong><\/p>\n<p><em><span style=\"font-weight: 400;\">\u201cDet har v\u00e6ret en fantastisk rejse \u2013 fra et projektst\u00f8ttet Warehouse9 til det solide fundament, vi har i dag. For mig har de dybe professionelle relationer \u2013 og venskaber \u2013 v\u00e6ret det vigtigste kompas i dette landskab.<\/span><\/em><\/p>\n<p><em><span style=\"font-weight: 400;\">Efter at have sikret flytningen til Vanl\u00f8se og med tre \u00e5rs driftsst\u00f8tte i ryggen, f\u00f8les det som det helt rigtige tidspunkt at starte et nyt kapitel. Det n\u00e6ste kapitel er ikke skrevet endnu, men jeg ser frem til at udforske nye muligheder og bringe mine erfaringer med organisationsudvikling, nationale og internationale samarbejder og kuratering i spil i nye sammenh\u00e6nge.<\/span><\/em><\/p>\n<p><em><span style=\"font-weight: 400;\">Jeg er utrolig stolt af det, vi har opn\u00e5et sammen, og jeg tager herfra med rygs\u00e6kken fuld af de mest surrealistiske og geniale \u00f8jeblikke, som kun kunne v\u00e6re opst\u00e5et p\u00e5 Warehouse9.\u201d<\/span><\/em><\/p>\n<p><span style=\"font-weight: 400;\">Emmas afgang er planlagt i god tr\u00e5d med organisationens fler\u00e5rige driftsbevilling, hvilket sikrer fuld kontinuitet i alle igangv\u00e6rende projekter og partnerskaber. J\u00f8rgen Callesen forts\u00e6tter som direkt\u00f8r for Warehouse9 i t\u00e6t samarbejde med bestyrelsen.<\/span><\/p>\n<p><span style=\"font-weight: 400;\">Warehouse9 takker Emma for hendes dedikerede indsats og store engagement i at l\u00f8fte queer performance i scenekunstbranchen gennem de seneste 13 \u00e5r og ser frem til at gennemf\u00f8re det kommende IPAF-program sammen som en st\u00e6rk afslutning og fejring af dette kapitel.<\/span><\/p>\n<p>&nbsp;<\/p>","protected":false},"excerpt":{"rendered":"<p>scroll down for Danish version Emma Castro M\u00f8ller Steps Down as Co-Director of Warehouse9 After thirteen years of organisational development and curatorial leadership, Emma Castro M\u00f8ller will be stepping down [&hellip;]<\/p>","protected":false},"author":5,"featured_media":3688,"comment_status":"closed","ping_status":"open","sticky":false,"template":"","format":"standard","meta":{"_acf_changed":false,"_price":"","_stock":"","_tribe_ticket_header":"","_tribe_default_ticket_provider":"","_ticket_start_date":"","_ticket_end_date":"","_tribe_ticket_show_description":"","_tribe_ticket_show_not_going":false,"_tribe_ticket_use_global_stock":"","_tribe_ticket_global_stock_level":"","_global_stock_mode":"","_global_stock_cap":"","_tribe_rsvp_for_event":"","_tribe_ticket_going_count":"","_tribe_ticket_not_going_count":"","_tribe_tickets_list":"[]","_tribe_ticket_has_attendee_info_fields":false,"footnotes":""},"categories":[1],"tags":[9],"class_list":["post-3687","post","type-post","status-publish","format-standard","has-post-thumbnail","hentry","category-uncategorized","tag-main-image"],"acf":[],"yoast_head":"<!-- This site is optimized with the Yoast SEO plugin v25.7 - https:\/\/yoast.com\/wordpress\/plugins\/seo\/ -->\n<title>Organisational Update - Warehouse9<\/title>\n<meta name=\"robots\" content=\"index, follow, max-snippet:-1, max-image-preview:large, max-video-preview:-1\" \/>\n<link rel=\"canonical\" href=\"https:\/\/warehouse9.dk\/da\/announcement-organisational-update\/\" \/>\n<meta property=\"og:locale\" content=\"da_DK\" \/>\n<meta property=\"og:type\" content=\"article\" \/>\n<meta property=\"og:title\" content=\"Organisational Update - Warehouse9\" \/>\n<meta property=\"og:description\" content=\"scroll down for Danish version Emma Castro M\u00f8ller Steps Down as Co-Director of Warehouse9 After thirteen years of organisational development and curatorial leadership, Emma Castro M\u00f8ller will be stepping down [&hellip;]\" \/>\n<meta property=\"og:url\" content=\"https:\/\/warehouse9.dk\/da\/announcement-organisational-update\/\" \/>\n<meta property=\"og:site_name\" content=\"Warehouse9\" \/>\n<meta property=\"article:publisher\" content=\"https:\/\/www.facebook.com\/warehouse9venue\" \/>\n<meta property=\"article:published_time\" content=\"2026-02-16T15:58:05+00:00\" \/>\n<meta property=\"article:modified_time\" content=\"2026-02-16T16:04:07+00:00\" \/>\n<meta property=\"og:image\" content=\"https:\/\/warehouse9.dk\/wp-content\/uploads\/2026\/02\/Untitled-design-23.jpg\" \/>\n\t<meta property=\"og:image:width\" content=\"1920\" \/>\n\t<meta property=\"og:image:height\" content=\"1080\" \/>\n\t<meta property=\"og:image:type\" content=\"image\/jpeg\" \/>\n<meta name=\"author\" content=\"Emma M\u00f8ller\" \/>\n<meta name=\"twitter:card\" content=\"summary_large_image\" \/>\n<meta name=\"twitter:label1\" content=\"Skrevet af\" \/>\n\t<meta name=\"twitter:data1\" content=\"Emma M\u00f8ller\" \/>\n\t<meta name=\"twitter:label2\" content=\"Estimeret l\u00e6setid\" \/>\n\t<meta name=\"twitter:data2\" content=\"5 minutter\" \/>\n<script type=\"application\/ld+json\" class=\"yoast-schema-graph\">{\"@context\":\"https:\/\/schema.org\",\"@graph\":[{\"@type\":\"Article\",\"@id\":\"https:\/\/warehouse9.dk\/announcement-organisational-update\/#article\",\"isPartOf\":{\"@id\":\"https:\/\/warehouse9.dk\/announcement-organisational-update\/\"},\"author\":{\"name\":\"Emma M\u00f8ller\",\"@id\":\"https:\/\/warehouse9.dk\/#\/schema\/person\/b1a02903652d25a4b018121a0029d575\"},\"headline\":\"Organisational Update\",\"datePublished\":\"2026-02-16T15:58:05+00:00\",\"dateModified\":\"2026-02-16T16:04:07+00:00\",\"mainEntityOfPage\":{\"@id\":\"https:\/\/warehouse9.dk\/announcement-organisational-update\/\"},\"wordCount\":978,\"publisher\":{\"@id\":\"https:\/\/warehouse9.dk\/#organization\"},\"image\":{\"@id\":\"https:\/\/warehouse9.dk\/announcement-organisational-update\/#primaryimage\"},\"thumbnailUrl\":\"https:\/\/warehouse9.dk\/wp-content\/uploads\/2026\/02\/Untitled-design-23.jpg\",\"keywords\":[\"main-image\"],\"articleSection\":[\"Uncategorized\"],\"inLanguage\":\"da-DK\"},{\"@type\":\"WebPage\",\"@id\":\"https:\/\/warehouse9.dk\/announcement-organisational-update\/\",\"url\":\"https:\/\/warehouse9.dk\/announcement-organisational-update\/\",\"name\":\"Organisational Update - Warehouse9\",\"isPartOf\":{\"@id\":\"https:\/\/warehouse9.dk\/#website\"},\"primaryImageOfPage\":{\"@id\":\"https:\/\/warehouse9.dk\/announcement-organisational-update\/#primaryimage\"},\"image\":{\"@id\":\"https:\/\/warehouse9.dk\/announcement-organisational-update\/#primaryimage\"},\"thumbnailUrl\":\"https:\/\/warehouse9.dk\/wp-content\/uploads\/2026\/02\/Untitled-design-23.jpg\",\"datePublished\":\"2026-02-16T15:58:05+00:00\",\"dateModified\":\"2026-02-16T16:04:07+00:00\",\"breadcrumb\":{\"@id\":\"https:\/\/warehouse9.dk\/announcement-organisational-update\/#breadcrumb\"},\"inLanguage\":\"da-DK\",\"potentialAction\":[{\"@type\":\"ReadAction\",\"target\":[\"https:\/\/warehouse9.dk\/announcement-organisational-update\/\"]}]},{\"@type\":\"ImageObject\",\"inLanguage\":\"da-DK\",\"@id\":\"https:\/\/warehouse9.dk\/announcement-organisational-update\/#primaryimage\",\"url\":\"https:\/\/warehouse9.dk\/wp-content\/uploads\/2026\/02\/Untitled-design-23.jpg\",\"contentUrl\":\"https:\/\/warehouse9.dk\/wp-content\/uploads\/2026\/02\/Untitled-design-23.jpg\",\"width\":1920,\"height\":1080},{\"@type\":\"BreadcrumbList\",\"@id\":\"https:\/\/warehouse9.dk\/announcement-organisational-update\/#breadcrumb\",\"itemListElement\":[{\"@type\":\"ListItem\",\"position\":1,\"name\":\"Home\",\"item\":\"https:\/\/warehouse9.dk\/\"},{\"@type\":\"ListItem\",\"position\":2,\"name\":\"Organisational Update\"}]},{\"@type\":\"WebSite\",\"@id\":\"https:\/\/warehouse9.dk\/#website\",\"url\":\"https:\/\/warehouse9.dk\/\",\"name\":\"Warehouse9\",\"description\":\"The longest running queer performance collective in Denmark\",\"publisher\":{\"@id\":\"https:\/\/warehouse9.dk\/#organization\"},\"potentialAction\":[{\"@type\":\"SearchAction\",\"target\":{\"@type\":\"EntryPoint\",\"urlTemplate\":\"https:\/\/warehouse9.dk\/?s={search_term_string}\"},\"query-input\":{\"@type\":\"PropertyValueSpecification\",\"valueRequired\":true,\"valueName\":\"search_term_string\"}}],\"inLanguage\":\"da-DK\"},{\"@type\":\"Organization\",\"@id\":\"https:\/\/warehouse9.dk\/#organization\",\"name\":\"Warehouse9\",\"url\":\"https:\/\/warehouse9.dk\/\",\"logo\":{\"@type\":\"ImageObject\",\"inLanguage\":\"da-DK\",\"@id\":\"https:\/\/warehouse9.dk\/#\/schema\/logo\/image\/\",\"url\":\"https:\/\/warehouse9.dk\/wp-content\/uploads\/2023\/01\/cropped-warehouse9-logo-png-copy-grey.png\",\"contentUrl\":\"https:\/\/warehouse9.dk\/wp-content\/uploads\/2023\/01\/cropped-warehouse9-logo-png-copy-grey.png\",\"width\":1580,\"height\":258,\"caption\":\"Warehouse9\"},\"image\":{\"@id\":\"https:\/\/warehouse9.dk\/#\/schema\/logo\/image\/\"},\"sameAs\":[\"https:\/\/www.facebook.com\/warehouse9venue\",\"https:\/\/www.instagram.com\/warehouse9.dk\",\"https:\/\/padlet.com\/ilicmilica\/but-i-love-my-family-a-collaborative-investigation-into-alte-7wn8pmuzxx11xgqo\/wish\/Ae2RavrpK3xAanz4\"]},{\"@type\":\"Person\",\"@id\":\"https:\/\/warehouse9.dk\/#\/schema\/person\/b1a02903652d25a4b018121a0029d575\",\"name\":\"Emma M\u00f8ller\",\"image\":{\"@type\":\"ImageObject\",\"inLanguage\":\"da-DK\",\"@id\":\"https:\/\/warehouse9.dk\/#\/schema\/person\/image\/\",\"url\":\"https:\/\/secure.gravatar.com\/avatar\/3a17dbb1139f6fd12ee2391e6afbafef2268c28a10f298a932cb3aabeb5e244d?s=96&d=mm&r=g\",\"contentUrl\":\"https:\/\/secure.gravatar.com\/avatar\/3a17dbb1139f6fd12ee2391e6afbafef2268c28a10f298a932cb3aabeb5e244d?s=96&d=mm&r=g\",\"caption\":\"Emma M\u00f8ller\"},\"url\":\"https:\/\/warehouse9.dk\/da\/author\/w9-emma\/\"}]}<\/script>\n<!-- \/ Yoast SEO plugin. -->","yoast_head_json":{"title":"Organisational Update - Warehouse9","robots":{"index":"index","follow":"follow","max-snippet":"max-snippet:-1","max-image-preview":"max-image-preview:large","max-video-preview":"max-video-preview:-1"},"canonical":"https:\/\/warehouse9.dk\/da\/announcement-organisational-update\/","og_locale":"da_DK","og_type":"article","og_title":"Organisational Update - Warehouse9","og_description":"scroll down for Danish version Emma Castro M\u00f8ller Steps Down as Co-Director of Warehouse9 After thirteen years of organisational development and curatorial leadership, Emma Castro M\u00f8ller will be stepping down [&hellip;]","og_url":"https:\/\/warehouse9.dk\/da\/announcement-organisational-update\/","og_site_name":"Warehouse9","article_publisher":"https:\/\/www.facebook.com\/warehouse9venue","article_published_time":"2026-02-16T15:58:05+00:00","article_modified_time":"2026-02-16T16:04:07+00:00","og_image":[{"width":1920,"height":1080,"url":"https:\/\/warehouse9.dk\/wp-content\/uploads\/2026\/02\/Untitled-design-23.jpg","type":"image\/jpeg"}],"author":"Emma M\u00f8ller","twitter_card":"summary_large_image","twitter_misc":{"Skrevet af":"Emma M\u00f8ller","Estimeret l\u00e6setid":"5 minutter"},"schema":{"@context":"https:\/\/schema.org","@graph":[{"@type":"Article","@id":"https:\/\/warehouse9.dk\/announcement-organisational-update\/#article","isPartOf":{"@id":"https:\/\/warehouse9.dk\/announcement-organisational-update\/"},"author":{"name":"Emma M\u00f8ller","@id":"https:\/\/warehouse9.dk\/#\/schema\/person\/b1a02903652d25a4b018121a0029d575"},"headline":"Organisational Update","datePublished":"2026-02-16T15:58:05+00:00","dateModified":"2026-02-16T16:04:07+00:00","mainEntityOfPage":{"@id":"https:\/\/warehouse9.dk\/announcement-organisational-update\/"},"wordCount":978,"publisher":{"@id":"https:\/\/warehouse9.dk\/#organization"},"image":{"@id":"https:\/\/warehouse9.dk\/announcement-organisational-update\/#primaryimage"},"thumbnailUrl":"https:\/\/warehouse9.dk\/wp-content\/uploads\/2026\/02\/Untitled-design-23.jpg","keywords":["main-image"],"articleSection":["Uncategorized"],"inLanguage":"da-DK"},{"@type":"WebPage","@id":"https:\/\/warehouse9.dk\/announcement-organisational-update\/","url":"https:\/\/warehouse9.dk\/announcement-organisational-update\/","name":"Organisational Update - Warehouse9","isPartOf":{"@id":"https:\/\/warehouse9.dk\/#website"},"primaryImageOfPage":{"@id":"https:\/\/warehouse9.dk\/announcement-organisational-update\/#primaryimage"},"image":{"@id":"https:\/\/warehouse9.dk\/announcement-organisational-update\/#primaryimage"},"thumbnailUrl":"https:\/\/warehouse9.dk\/wp-content\/uploads\/2026\/02\/Untitled-design-23.jpg","datePublished":"2026-02-16T15:58:05+00:00","dateModified":"2026-02-16T16:04:07+00:00","breadcrumb":{"@id":"https:\/\/warehouse9.dk\/announcement-organisational-update\/#breadcrumb"},"inLanguage":"da-DK","potentialAction":[{"@type":"ReadAction","target":["https:\/\/warehouse9.dk\/announcement-organisational-update\/"]}]},{"@type":"ImageObject","inLanguage":"da-DK","@id":"https:\/\/warehouse9.dk\/announcement-organisational-update\/#primaryimage","url":"https:\/\/warehouse9.dk\/wp-content\/uploads\/2026\/02\/Untitled-design-23.jpg","contentUrl":"https:\/\/warehouse9.dk\/wp-content\/uploads\/2026\/02\/Untitled-design-23.jpg","width":1920,"height":1080},{"@type":"BreadcrumbList","@id":"https:\/\/warehouse9.dk\/announcement-organisational-update\/#breadcrumb","itemListElement":[{"@type":"ListItem","position":1,"name":"Home","item":"https:\/\/warehouse9.dk\/"},{"@type":"ListItem","position":2,"name":"Organisational Update"}]},{"@type":"WebSite","@id":"https:\/\/warehouse9.dk\/#website","url":"https:\/\/warehouse9.dk\/","name":"Warehouse9","description":"The longest running queer performance collective in Denmark","publisher":{"@id":"https:\/\/warehouse9.dk\/#organization"},"potentialAction":[{"@type":"SearchAction","target":{"@type":"EntryPoint","urlTemplate":"https:\/\/warehouse9.dk\/?s={search_term_string}"},"query-input":{"@type":"PropertyValueSpecification","valueRequired":true,"valueName":"search_term_string"}}],"inLanguage":"da-DK"},{"@type":"Organization","@id":"https:\/\/warehouse9.dk\/#organization","name":"Warehouse9","url":"https:\/\/warehouse9.dk\/","logo":{"@type":"ImageObject","inLanguage":"da-DK","@id":"https:\/\/warehouse9.dk\/#\/schema\/logo\/image\/","url":"https:\/\/warehouse9.dk\/wp-content\/uploads\/2023\/01\/cropped-warehouse9-logo-png-copy-grey.png","contentUrl":"https:\/\/warehouse9.dk\/wp-content\/uploads\/2023\/01\/cropped-warehouse9-logo-png-copy-grey.png","width":1580,"height":258,"caption":"Warehouse9"},"image":{"@id":"https:\/\/warehouse9.dk\/#\/schema\/logo\/image\/"},"sameAs":["https:\/\/www.facebook.com\/warehouse9venue","https:\/\/www.instagram.com\/warehouse9.dk","https:\/\/padlet.com\/ilicmilica\/but-i-love-my-family-a-collaborative-investigation-into-alte-7wn8pmuzxx11xgqo\/wish\/Ae2RavrpK3xAanz4"]},{"@type":"Person","@id":"https:\/\/warehouse9.dk\/#\/schema\/person\/b1a02903652d25a4b018121a0029d575","name":"Emma M\u00f8ller","image":{"@type":"ImageObject","inLanguage":"da-DK","@id":"https:\/\/warehouse9.dk\/#\/schema\/person\/image\/","url":"https:\/\/secure.gravatar.com\/avatar\/3a17dbb1139f6fd12ee2391e6afbafef2268c28a10f298a932cb3aabeb5e244d?s=96&d=mm&r=g","contentUrl":"https:\/\/secure.gravatar.com\/avatar\/3a17dbb1139f6fd12ee2391e6afbafef2268c28a10f298a932cb3aabeb5e244d?s=96&d=mm&r=g","caption":"Emma M\u00f8ller"},"url":"https:\/\/warehouse9.dk\/da\/author\/w9-emma\/"}]}},"_links":{"self":[{"href":"https:\/\/warehouse9.dk\/da\/wp-json\/wp\/v2\/posts\/3687","targetHints":{"allow":["GET"]}}],"collection":[{"href":"https:\/\/warehouse9.dk\/da\/wp-json\/wp\/v2\/posts"}],"about":[{"href":"https:\/\/warehouse9.dk\/da\/wp-json\/wp\/v2\/types\/post"}],"author":[{"embeddable":true,"href":"https:\/\/warehouse9.dk\/da\/wp-json\/wp\/v2\/users\/5"}],"replies":[{"embeddable":true,"href":"https:\/\/warehouse9.dk\/da\/wp-json\/wp\/v2\/comments?post=3687"}],"version-history":[{"count":0,"href":"https:\/\/warehouse9.dk\/da\/wp-json\/wp\/v2\/posts\/3687\/revisions"}],"wp:featuredmedia":[{"embeddable":true,"href":"https:\/\/warehouse9.dk\/da\/wp-json\/wp\/v2\/media\/3688"}],"wp:attachment":[{"href":"https:\/\/warehouse9.dk\/da\/wp-json\/wp\/v2\/media?parent=3687"}],"wp:term":[{"taxonomy":"category","embeddable":true,"href":"https:\/\/warehouse9.dk\/da\/wp-json\/wp\/v2\/categories?post=3687"},{"taxonomy":"post_tag","embeddable":true,"href":"https:\/\/warehouse9.dk\/da\/wp-json\/wp\/v2\/tags?post=3687"}],"curies":[{"name":"wp","href":"https:\/\/api.w.org\/{rel}","templated":true}]}}